{"id":1282,"date":"2023-03-16T11:05:45","date_gmt":"2023-03-16T10:05:45","guid":{"rendered":"https:\/\/xn--vos-dw-7ya.de\/?p=1282"},"modified":"2023-03-20T08:41:20","modified_gmt":"2023-03-20T07:41:20","slug":"beuch-des-praesentationstages-fuer-neue-erstklaesslerinnen","status":"publish","type":"post","link":"https:\/\/vos-d\u00fcw.de\/home\/beuch-des-praesentationstages-fuer-neue-erstklaesslerinnen\/","title":{"rendered":"Besuch des Pr\u00e4sentationstages f\u00fcr neue Erstkl\u00e4ssler*innen"},"content":{"rendered":"\t\t<div data-elementor-type=\"wp-post\" data-elementor-id=\"1282\" class=\"elementor elementor-1282\" data-elementor-post-type=\"post\">\n\t\t\t\t<div class=\"elementor-element elementor-element-399f755 e-flex e-con-boxed e-con e-parent\" data-id=\"399f755\" data-element_type=\"container\">\n\t\t\t\t\t<div class=\"e-con-inner\">\n\t\t\t\t<div class=\"elementor-element elementor-element-dbd54ca elementor-widget elementor-widget-text-editor\" data-id=\"dbd54ca\" data-element_type=\"widget\" data-widget_type=\"text-editor.default\">\n\t\t\t\t<div class=\"elementor-widget-container\">\n\t\t\t\t\t\t\t\t\t<p><strong>&nbsp;<\/strong><\/p>\n<p><strong>Liebe Eltern unserer zuk\u00fcnftigen Erstkl\u00e4ssler*innen, <\/strong><\/p>\n<p>die Kinder der Valentin-Ostertag-Schule bereiten im Rahmen der Projektwoche einen Pr\u00e4sentationstag vor. Hierzu m\u00f6chte ich Sie herzlich einladen. Es ist eine sch\u00f6ne Gelegenheit, etwas Schulluft zu schnuppern und vielleicht schon erste Kontakte zu kn\u00fcpfen.<\/p>\n<p>Offizieller Beginn ist 24.06.2023 um 9:00 Uhr. Das Ende ist f\u00fcr 13:30 Uhr gesetzt. Es wird ein spannendes Programm geben, dass Sie vor der Projektwoche auf unserer Homepage finden werden. F\u00fcr das leibliche Wohl wird nat\u00fcrlich auch gesorgt.<\/p>\n<p>Um besser f\u00fcr die Verpflegung planen zu k\u00f6nnen, w\u00fcrden wir es begr\u00fc\u00dfen, wenn Sie uns eine kurze Nachricht \u00fcber Ihre Teilnahme zukommen lassen.<\/p>\n<p><\/p>\n<p>Die Kinder und das Kollegium der VOS w\u00fcrden sich \u00fcber Ihren Besuch freuen.<\/p>\n<p><\/p>\t\t\t\t\t\t\t\t<\/div>\n\t\t\t\t<\/div>\n\t\t\t\t\t<\/div>\n\t\t\t\t<\/div>\n\t\t\t\t<\/div>\n\t\t","protected":false},"excerpt":{"rendered":"<p>&nbsp; Liebe Eltern unserer zuk\u00fcnftigen Erstkl\u00e4ssler*innen, die Kinder der Valentin-Ostertag-Schule bereiten im Rahmen der Projektwoche einen Pr\u00e4sentationstag vor. Hierzu m\u00f6chte ich Sie herzlich einladen. Es ist eine sch\u00f6ne Gelegenheit, etwas &#8230; <a title=\"Besuch des Pr\u00e4sentationstages f\u00fcr neue Erstkl\u00e4ssler*innen\" class=\"read-more\" href=\"https:\/\/vos-d\u00fcw.de\/home\/beuch-des-praesentationstages-fuer-neue-erstklaesslerinnen\/\" aria-label=\"Mehr dazu unter Besuch des Pr\u00e4sentationstages f\u00fcr neue Erstkl\u00e4ssler*innen\">Weiterlesen<\/a><\/p>\n","protected":false},"author":1,"featured_media":0,"comment_status":"closed","ping_status":"open","sticky":false,"template":"","format":"standard","meta":{"footnotes":""},"categories":[1],"tags":[],"class_list":["post-1282","post","type-post","status-publish","format-standard","hentry","category-allgemein"],"_links":{"self":[{"href":"https:\/\/vos-d\u00fcw.de\/home\/wp-json\/wp\/v2\/posts\/1282","targetHints":{"allow":["GET"]}}],"collection":[{"href":"https:\/\/vos-d\u00fcw.de\/home\/wp-json\/wp\/v2\/posts"}],"about":[{"href":"https:\/\/vos-d\u00fcw.de\/home\/wp-json\/wp\/v2\/types\/post"}],"author":[{"embeddable":true,"href":"https:\/\/vos-d\u00fcw.de\/home\/wp-json\/wp\/v2\/users\/1"}],"replies":[{"embeddable":true,"href":"https:\/\/vos-d\u00fcw.de\/home\/wp-json\/wp\/v2\/comments?post=1282"}],"version-history":[{"count":11,"href":"https:\/\/vos-d\u00fcw.de\/home\/wp-json\/wp\/v2\/posts\/1282\/revisions"}],"predecessor-version":[{"id":1295,"href":"https:\/\/vos-d\u00fcw.de\/home\/wp-json\/wp\/v2\/posts\/1282\/revisions\/1295"}],"wp:attachment":[{"href":"https:\/\/vos-d\u00fcw.de\/home\/wp-json\/wp\/v2\/media?parent=1282"}],"wp:term":[{"taxonomy":"category","embeddable":true,"href":"https:\/\/vos-d\u00fcw.de\/home\/wp-json\/wp\/v2\/categories?post=1282"},{"taxonomy":"post_tag","embeddable":true,"href":"https:\/\/vos-d\u00fcw.de\/home\/wp-json\/wp\/v2\/tags?post=1282"}],"curies":[{"name":"wp","href":"https:\/\/api.w.org\/{rel}","templated":true}]}}