{"id":1696,"date":"2023-07-06T13:50:16","date_gmt":"2023-07-06T11:50:16","guid":{"rendered":"https:\/\/xn--vos-dw-7ya.de\/?p=1696"},"modified":"2023-07-06T13:57:06","modified_gmt":"2023-07-06T11:57:06","slug":"auszeichnung-als-nachhaltige-schule","status":"publish","type":"post","link":"https:\/\/vos-d\u00fcw.de\/home\/auszeichnung-als-nachhaltige-schule\/","title":{"rendered":"Auszeichnung als Nachhaltige Schule"},"content":{"rendered":"\t\t<div data-elementor-type=\"wp-post\" data-elementor-id=\"1696\" class=\"elementor elementor-1696\" data-elementor-post-type=\"post\">\n\t\t\t\t<div class=\"elementor-element elementor-element-ff15294 e-flex e-con-boxed e-con e-parent\" data-id=\"ff15294\" data-element_type=\"container\">\n\t\t\t\t\t<div class=\"e-con-inner\">\n\t\t\t\t<div class=\"elementor-element elementor-element-c48f76d elementor-widget elementor-widget-text-editor\" data-id=\"c48f76d\" data-element_type=\"widget\" data-widget_type=\"text-editor.default\">\n\t\t\t\t<div class=\"elementor-widget-container\">\n\t\t\t\t\t\t\t\t\t<p>Wir freuen uns\u00a0 allen Freund*innen der Valentin-Ostertag-Schule mitteilen zu k\u00f6nnen, dass wir von der Landessch\u00fclervertretung als Nachhaltige Schule ausgezeichnet wurden. Es ist sch\u00f6n zu sehen, dass\u00a0 die Anstrengung der Sch\u00fclerschaft und des Kollegiums Fr\u00fcchte tragen und wir auch von Extern Anerkennung erhalten.\u00a0<br \/>F\u00fcr die Preisverleihung werde ich mit unseren beiden Sprechern des Sch\u00fclerparlamentes und Frau Zukowski (FSJ) am 17.07. ins Ministerium in Mainz fahren und die Urkunde im Rahmen einer Feier entgegennehmen. Ihnen allen, die Sie uns hierbei unterst\u00fctzen vielen Dank! Wir werden nat\u00fcrlich entsprechende Fotos und Zeitungsartikel hier verlinken.\u00a0<br \/><br \/><br \/><\/p>\t\t\t\t\t\t\t\t<\/div>\n\t\t\t\t<\/div>\n\t\t\t\t\t<\/div>\n\t\t\t\t<\/div>\n\t\t\t\t<\/div>\n\t\t","protected":false},"excerpt":{"rendered":"<p>Wir freuen uns\u00a0 allen Freund*innen der Valentin-Ostertag-Schule mitteilen zu k\u00f6nnen, dass wir von der Landessch\u00fclervertretung als Nachhaltige Schule ausgezeichnet wurden. Es ist sch\u00f6n zu sehen, dass\u00a0 die Anstrengung der Sch\u00fclerschaft &#8230; <a title=\"Auszeichnung als Nachhaltige Schule\" class=\"read-more\" href=\"https:\/\/vos-d\u00fcw.de\/home\/auszeichnung-als-nachhaltige-schule\/\" aria-label=\"Mehr dazu unter Auszeichnung als Nachhaltige Schule\">Weiterlesen<\/a><\/p>\n","protected":false},"author":1,"featured_media":0,"comment_status":"closed","ping_status":"open","sticky":false,"template":"","format":"standard","meta":{"footnotes":""},"categories":[13],"tags":[],"class_list":["post-1696","post","type-post","status-publish","format-standard","hentry","category-news"],"_links":{"self":[{"href":"https:\/\/vos-d\u00fcw.de\/home\/wp-json\/wp\/v2\/posts\/1696","targetHints":{"allow":["GET"]}}],"collection":[{"href":"https:\/\/vos-d\u00fcw.de\/home\/wp-json\/wp\/v2\/posts"}],"about":[{"href":"https:\/\/vos-d\u00fcw.de\/home\/wp-json\/wp\/v2\/types\/post"}],"author":[{"embeddable":true,"href":"https:\/\/vos-d\u00fcw.de\/home\/wp-json\/wp\/v2\/users\/1"}],"replies":[{"embeddable":true,"href":"https:\/\/vos-d\u00fcw.de\/home\/wp-json\/wp\/v2\/comments?post=1696"}],"version-history":[{"count":4,"href":"https:\/\/vos-d\u00fcw.de\/home\/wp-json\/wp\/v2\/posts\/1696\/revisions"}],"predecessor-version":[{"id":1700,"href":"https:\/\/vos-d\u00fcw.de\/home\/wp-json\/wp\/v2\/posts\/1696\/revisions\/1700"}],"wp:attachment":[{"href":"https:\/\/vos-d\u00fcw.de\/home\/wp-json\/wp\/v2\/media?parent=1696"}],"wp:term":[{"taxonomy":"category","embeddable":true,"href":"https:\/\/vos-d\u00fcw.de\/home\/wp-json\/wp\/v2\/categories?post=1696"},{"taxonomy":"post_tag","embeddable":true,"href":"https:\/\/vos-d\u00fcw.de\/home\/wp-json\/wp\/v2\/tags?post=1696"}],"curies":[{"name":"wp","href":"https:\/\/api.w.org\/{rel}","templated":true}]}}